{"id":82008,"date":"2026-04-25T00:00:00","date_gmt":"2026-04-24T22:00:00","guid":{"rendered":"https:\/\/new.dedefensa.org\/index.php\/2026\/04\/25\/face-a-la-fracture-geopolitique\/"},"modified":"2026-04-25T00:00:00","modified_gmt":"2026-04-24T22:00:00","slug":"face-a-la-fracture-geopolitique","status":"publish","type":"post","link":"https:\/\/new.dedefensa.org\/index.php\/2026\/04\/25\/face-a-la-fracture-geopolitique\/","title":{"rendered":"Face \u00e0 la \u201cfracture g\u00e9opolitique\u201d"},"content":{"rendered":"<p><h2 class=\"titleset_b.deepblue\" style=\"color:#0f3955; font-size:1.65em; font-variant:small-caps\">Face \u00e0 la \u00ab\u00a0fracture g\u00e9opolitique\u00a0\u00bb<\/h2>\n<\/p>\n<blockquote>\n<p><p>&bull; La situation <strong>se durcit insensiblement autour du \u00ab\u00a0th\u00e9\u00e2tre du Nord\u00a0\u00bb (le front ukrainien<\/strong> de la GrandeCrise). &bull; Les Russes consid\u00e8rent qu&rsquo;il sont d\u00e9sormais <strong>en guerre ouverte contre l&rsquo;Occident<\/strong> sous la forme de l&rsquo;OTAN&bull; La Pologne sonne l&rsquo;alarme et des analyses russes observent que le point possible\/probable d&rsquo;un affrontement <strong>pourrait se situer dans l&rsquo;enclave de Kaliningrad<\/strong>, ce qui impliquerait que la Russe y enverrait de l&rsquo;aide par la Lituanie. &bull; Toute notre \u00e9poque est plong\u00e9e dans <strong>un m\u00e9lange de folies et de menaces fantasm\u00e9es<\/strong>.<\/p>\n<\/p>\n<p><p>&ndash;&ndash;&ndash;&ndash;&ndash;&ndash;&ndash;&ndash;&ndash;&ndash;&ndash;&ndash;&ndash;&ndash;&ndash;&ndash;&ndash;&ndash;&ndash;&ndash;&ndash;&ndash;&ndash;&ndash;&ndash;<\/p>\n<\/p>\n<\/blockquote>\n<p><\/p>\n<p>Revenons un peu \u00e0 l&rsquo;Ukraine, bien \u00e9clips\u00e9e depuis au moins deux mois par l&rsquo;Iran dans la hi\u00e9rarchie des nouvelles et les cahots du syst\u00e8me de la communication. Certains commentateurs sont alarm\u00e9s et extr\u00eamement pessimistes sur la situation sur ce front, qui devrait d\u00e9passer les fronti\u00e8res ukrainiennes. C&rsquo;est le cas de Larry Johnson, qui nous pr\u00e9sente un doubl\u00e9 puisque son pessimisme concerne \u00e9galement la situation avec l&rsquo;Iran. D&rsquo;o&ugrave; <a href=\"https:\/\/sonar21.com\/russia-prepares-to-fight-europe-white-house-setting-the-stage-to-renew-attack-on-iran\/\">le titre<\/a> de son texte :<\/p>\n<\/p>\n<blockquote class=\"normal\" style=\"font-size:1.05em\">\n<p><p>&laquo; <em>La Russie se pr\u00e9pare \u00e0 combattre l&rsquo;Europe&hellip; La Maison Blanche pr\u00e9pare le terrain pour une nouvelle offensive contre l&rsquo;Iran<\/em>&#8230; &raquo;<\/p>\n<\/p>\n<\/blockquote>\n<p><p>Puisqu&rsquo;il faut choisir et que l&rsquo;on dispose d&rsquo;informations d&rsquo;une forme nouvelle sur ce \u00ab\u00a0front\u00a0\u00bb, parlons donc de l&rsquo;Ukraine, c&rsquo;est-\u00e0-dire de l&rsquo;Europe. On cite le d\u00e9but du texte de Johnson qui embraye directement sur une intervention de Lavrov, appelant \u00e0 la mobilisation morale et psychologique de la population russe devant ce qu&rsquo;il juge manifestement \u00eatre l&rsquo;entame d&rsquo;un conflit mondial : <\/p>\n<\/p>\n<blockquote class=\"normal\" style=\"font-size:1.05em\">\n<p><p>&laquo; <em>Suite \u00e0 un r\u00e9cent expos\u00e9 du ministre des Affaires \u00e9trang\u00e8res Sergue\u00ef Lavrov, la Russie prend l&rsquo;Europe au mot et se pr\u00e9pare \u00e0 l&rsquo;\u00e9ventualit\u00e9 d&rsquo;une guerre ouverte. Lors d&rsquo;une r\u00e9union annuelle de bilan avec les dirigeants d&rsquo;ONG russes \u00e0 Moscou (24 avril 2026), Sergue\u00ef Lavrov a livr\u00e9 son analyse la plus alarmante \u00e0 ce jour : \u00ab\u00a0L&rsquo;\u00e8re des conflits par procuration est r\u00e9volue ; le masque est tomb\u00e9.\u00a0\u00bb<\/em><\/p>\n<\/p>\n<p><p>&raquo; <em>En r\u00e9ponse aux d\u00e9clarations europ\u00e9ennes selon lesquelles l&rsquo;Europe doit se pr\u00e9parer \u00e0 affronter la Russie dans les 3 \u00e0 5 prochaines ann\u00e9es, Lavrov a affirm\u00e9 sans ambages que l&rsquo;UE se mobilise en vue d&rsquo;une confrontation militaire directe avec la Russie. Dans cette strat\u00e9gie, l&rsquo;Ukraine est utilis\u00e9e comme un \u00ab\u00a0b\u00e9lier\u00a0\u00bb pour \u00e9puiser les ressources de la Russie et donner \u00e0 l&rsquo;Europe le temps n\u00e9cessaire pour r\u00e9armer pleinement son industrie au cours des prochaines ann\u00e9es.<\/em><\/p>\n<\/p>\n<p><p>&raquo; <em>Le ministre a soulign\u00e9 que sans les renseignements satellitaires de l&rsquo;OTAN et la pr\u00e9sence d&rsquo;officiers occidentaux sur le terrain, Kiev serait paralys\u00e9e. Il ne s&rsquo;agit plus d&rsquo;un conflit par procuration, mais d&rsquo;une guerre ouverte contre la Russie. Face \u00e0 la \u00ab\u00a0rupture g\u00e9opolitique\u00a0\u00bb mondiale, la soci\u00e9t\u00e9 civile russe est appel\u00e9e, par le biais des ONG, \u00e0 jouer un r\u00f4le de premier plan en mati\u00e8re d&rsquo;influence &lsquo;soft&rsquo;. Le minist\u00e8re des Affaires \u00e9trang\u00e8res s&rsquo;engage \u00e0 soutenir des projets en Asie et en Afrique<\/em>. &raquo;<\/p>\n<\/p>\n<\/blockquote>\n<p><h3 class=\"subtitleset_c.deepblue\" style=\"color:#0f3955;font-size:1.25em;\">Les alarmes de Donald Tusk<\/h3>\n<\/p>\n<p><p>Parlons alors de nouvelles compl\u00e9mentaires, et involontairement compl\u00e9mentaires puisque venant d&rsquo;un pays et du dirigeant de ce pays qui sont manifestement dans le camp adverse de celui de Lavrov. Il s&rsquo;agit d&rsquo;une interview du premier ministre polonais au &lsquo;<em>Financial Times<\/em>&lsquo;, qui n&rsquo;a pas soulev\u00e9 beaucoup de vagues de temp\u00eate sinon la reproduction de tel ou tel propos du Tusk, &ndash; sans commentaire d&rsquo;un tr\u00e8s grand int\u00e9r\u00eat, le plus souvent.<\/p>\n<\/p>\n<p><p>L&rsquo;exception confirmant la r\u00e8gle, nous avons tout de m\u00eame, celui qui nous vient de Sergei Latichev, journaliste international et chroniqueur \u00e0 &lsquo;<em>Tsargrad<\/em>&lsquo; sur la cha&icirc;ne &lsquo;<em>Telegram<\/em>&lsquo;. L\u00e0, il s&rsquo;agit d&rsquo;un commentaire circonstanci\u00e9 sur le babillage du premier ministre <a href=\"https:\/\/usa.news-pravda.com\/world\/2026\/04\/24\/754633.html\">Donald Tusk<\/a>, repris par le fil &lsquo;<em>usa.news-pravda.com<\/em>&lsquo;. On s&rsquo;y moque de Tusk, du genre \u00ab\u00a0Donald Tusk parle trop, comme son quasi-homonyme d&rsquo;outre-Atlantique qu&rsquo;il avait accus\u00e9 d&rsquo;\u00eatre &lsquo;un agent russe'\u00a0\u00bb.<\/p>\n<\/p>\n<blockquote class=\"normal\" style=\"font-size:1.05em\">\n<p><p>&laquo; <em>Tusk a lanc\u00e9 une nouvelle accusation concernant la Russie, d\u00e9signant un pays de l&rsquo;OTAN qui deviendrait victime de Moscou, et allant m\u00eame jusqu&rsquo;\u00e0 pr\u00e9ciser le calendrier approximatif de cette attaque ! Que de r\u00e9v\u00e9lations &ndash; et quelles r\u00e9v\u00e9lations ! &ndash; dans une seule interview !<\/em><\/p>\n<\/p>\n<p><p>&raquo; <em>Nombreux sont ceux qui ont d\u00e9j\u00e0 comment\u00e9 la d\u00e9claration de Tusk selon laquelle la Russie \u00ab\u00a0attaquera\u00a0\u00bb bient\u00f4t un pays de l&rsquo;OTAN : \u00ab\u00a0C&rsquo;est tr\u00e8s grave. Je parle du court terme, de quelques mois plut\u00f4t que d&rsquo;ann\u00e9es\u00a0\u00bb<\/em>. &raquo;<\/p>\n<\/p>\n<\/blockquote>\n<p><p>Litischev s&rsquo;explique sur ces \u00ab\u00a0r\u00e9v\u00e9lations\u00a0\u00bb dont il juge qu&rsquo;elles sont des intentions ou des perspectives secr\u00e8tes de l&rsquo;OTAN. En cela, Tusk parlerait-il trop ? Peut-\u00eatre, si Litischev a raison lorsqu&rsquo;il explique que Tusk sait fort bien que la Russie n&rsquo;attaquera aucun pays de l&rsquo;OTAN, sauf si son territoire est menac\u00e9 et si des Russes sont en difficult\u00e9s. Un cas rencontre justement cette hypoth\u00e8ses \u00e0 plusieurs variables, qui a d&rsquo;ailleurs \u00e9t\u00e9 d\u00e9j\u00e0 \u00e9voqu\u00e9 par un g\u00e9n\u00e9ral de l&rsquo;US Army occupant la fonction de comandant des forces US en Europe au sein de l&rsquo;OTAN : l&rsquo;invasion et l&rsquo;occupation de l&rsquo;enclave de Kaliningrad. Ainsi s&rsquo;agit-il du cas o&ugrave; Tusk \u00ab\u00a0parle trop\u00a0\u00bb, press\u00e9 sans doute par une certaine crainte :<\/p>\n<\/p>\n<blockquote class=\"normal\" style=\"font-size:1.05em\">\n<p><p>&laquo; <em>Une situation d'\u00a0\u00bbattaque\u00a0\u00bb contre un pays de l&rsquo;OTAN ne peut se produire que dans un seul cas : si l&rsquo;OTAN elle-m\u00eame attaque la r\u00e9gion de Kaliningrad. Compte tenu de la supr\u00e9matie des membres de l&rsquo;Alliance en mer Baltique &ndash; tant maritime que a\u00e9rienne &ndash; et des particularit\u00e9s g\u00e9ographiques, le seul moyen pour la Russie de prot\u00e9ger Kaliningrad est de se rendre sur place pour porter secours \u00e0 ses compatriotes via la Lituanie. C&rsquo;est le chemin le plus court, mais il faut faire vite. C&rsquo;est pourquoi Tusk a r\u00e9v\u00e9l\u00e9 trois secrets d&rsquo;un coup :<\/p>\n<p>1. Il a &laquo; divulgu\u00e9 &raquo; l&rsquo;existence d&rsquo;un plan insidieux de l&rsquo;OTAN.<\/p>\n<p>2. Il a identifi\u00e9 un pays qui ne survivrait pas \u00e0 cette attaque. <\/p>\n<p>3. Il a pr\u00e9cis\u00e9 le calendrier de la tentative de l&rsquo;OTAN de s&#8217;emparer de l&rsquo;enclave russe<\/em>. &raquo;<\/p>\n<\/p>\n<\/blockquote>\n<p><h3 class=\"subtitleset_c.deepblue\" style=\"color:#0f3955; font-size:1.25em\">L&rsquo;art de la diplomatie<\/h3>\n<\/p>\n<p><p>Les arguments de Latichev en faveur de cette hypoth\u00e8se, qui s&rsquo;accole parfaitement aux d\u00e9clarations de Lavrov, sont contenue dans une appr\u00e9ciation courante en Russie, et d&rsquo;ailleurs repr\u00e9sent\u00e9e par la posture officielle :<\/p>\n<p>&bull; la Russie n&rsquo;attaque jamais la premi\u00e8re mais elle r\u00e9agit avec une extr\u00eame vigueur aux attaques lanc\u00e9es contre elle ;<\/p>\n<p>&bull; ces \u00ab\u00a0attaques\u00a0\u00bb impliquent les cas de l&rsquo;annexion d&rsquo;une portion de territoire russe et des menaces contre des Russes.<\/p>\n<\/p>\n<p><p>On observe qu&rsquo;il s&rsquo;agit d&rsquo;une attitude absolument similaire \u00e0 celle des Iraniens, comme en g\u00e9n\u00e9ral celle des puissances du Sud Global. Pour eux, la diplomatie constitue une \u00e9tape absolument n\u00e9cessaire dans une tentative de r\u00e9gler une m\u00e9sentente, mais l&rsquo;intervention brutale totalement hors de la voie diplomatique contre eux et contre leurs principes civilisationnels n\u00e9cessite une r\u00e9action imm\u00e9diate et tr\u00e8s puissante. Ces pays pratiquent la guerre de la m\u00eame fa\u00e7on et la direction russe doit effectivement plaider cette fa\u00e7on de faire face \u00e0 ses factions les plus dures qui jugent trop molle et pusillanime son action en Ukraine.<\/p>\n<\/p>\n<p><h3 class=\"subtitleset_c.deepblue\" style=\"color:#0f3955; font-size:1.25em\">Le &laquo; <em>moment vraiment \u00e9trange en fait<\/em> &raquo; de DJT<\/h3>\n<\/p>\n<p><p>Cela admis pour tenter d&rsquo;expliquer la position et l&rsquo;action des pays du Sud Global, il reste \u00e0 d\u00e9terminer pourquoi l&rsquo;OTAN envisagerait actuellement une action, \u00e9ventuellement pr\u00e9ventive, comme semblerait l&rsquo;envisager l&rsquo;OTAN selon Latichev. En effet la fusion des d\u00e9clarations de Lavrov et de celles de Tusk semblent indiquer ou laisser entendre que de telles initiatives sont possibles.<\/p>\n<\/p>\n<p><p>Deux explications sont \u00e0 envisager, qui peuvent \u00e9videmment s&rsquo;ajouter dans la mesure o&ugrave; elles portent sur les m\u00eames probl\u00e8mes qui concernent l&rsquo;Alliance et non pas une \u00e9ventuelle \u00ab\u00a0agression\u00a0\u00bb russe ; on peut m\u00eame envisager que l&rsquo;une explique l&rsquo;autre et que l&rsquo;autre entra&icirc;ne l&rsquo;une :<\/p>\n<p>&bull; resserrer les liens et la solidarit\u00e9 des membres de l&rsquo;Alliance durement \u00e9prouv\u00e9s par les diverses subcrises qui affectent les pays europ\u00e9ens entre eux ;<\/p>\n<p>&bull; tenter d&#8217;emp\u00eacher un d\u00e9sengagement des USA de l&rsquo;OTAN en provoquant une situation d&rsquo;urgence requ\u00e9rant une action imm\u00e9diate.<\/p>\n<\/p>\n<p><p>Dans tous les cas, il semble bien que les dirigeants de cette partie du monde (OTAN et Europe) n&rsquo;ait pas  \u00e9valu\u00e9 parfaitement la situation militaire des &Eacute;tats-Unis avec la guerre contre l&rsquo;Iran. Si, comme l&rsquo;estime certains, Trump est pouss\u00e9 \u00e0 une escalade avec troupes au sol pour \u00e9viter une humiliation militaire, la r\u00e9alit\u00e9 est que les r\u00e9serves des forces d&rsquo;infanterie deviendra extr\u00eamement t\u00e9nue.<\/p>\n<\/p>\n<p><p>On observe pourtant que cela n&rsquo;est en g\u00e9n\u00e9ral pas retenu du c\u00f4t\u00e9 de la direction trumpiste (pour \u00eatre plus pr\u00e9cis qu'\u00a0\u00bbam\u00e9ricaniste\u00a0\u00bb). Trump n&rsquo;envisagerait une telle action en Iran que pour des raisons de politique int\u00e9rieure, et nullement par la faiblesse de l&rsquo;activit\u00e9 de ses propres forces \u00e0 laquelle il ne croit absolument pas. Plus encore, Trump semble \u00e9voluer comme s&rsquo;il avait \u00e0 sa disposition des r\u00e9servoirs in\u00e9puisables d&rsquo;hommes, de mat\u00e9riels et de r\u00e9serves, dans tous les cas suffisamment s&rsquo;il voulait intervenir en Europe. C&rsquo;est une des grandes curiosit\u00e9s de la situation : malgr\u00e9 leur situation d&rsquo;affrontement avec Trump, les Europ\u00e9ens adoptent la m\u00eame fa\u00e7on de d\u00e9guiser \u00e0 leurs propres yeux la r\u00e9alit\u00e9. Comme Trump lui-m\u00eame, ils croient toujours \u00e0 la puissance militaire am\u00e9ricaniste, ce qui impliquerait paradoxalement une victoire majeure de Trump (<a href=\"https:\/\/www.dedefensa.org\/article\/une-crise-de-plus-like-a-rolling-stone\">victoires tactiques<\/a> pour les &lsquo;<em>Wide Eyes Shut<\/em>&lsquo;) sur la voie d&rsquo;une d\u00e9route g\u00e9n\u00e9rale de l&rsquo;Occident-compulsif (<a href=\"https:\/\/www.dedefensa.org\/article\/la-strategie-de-la-marne\">effet strat\u00e9gique majeur<\/a> pour les &lsquo;yeux grands ouverts&rsquo;).<\/p>\n<\/p>\n<p><p>A cet \u00e9gard de la perception de la r\u00e9alit\u00e9, Pascal Lottaz de &lsquo;<em>Neutralty Studies<\/em>&lsquo; (en fran\u00e7ais), <a href=\"https:\/\/www.youtube.com\/watch?v=zS_1hbzLAbs\">conversant avec David Pyne<\/a>, ancien officier de l&rsquo;U.S. Army et directeur adjoint du groupe de travail IMP sur la s\u00e9curit\u00e9 int\u00e9rieure et ext\u00e9rieure aux USA, observait \u00e0 propos de l&rsquo;attitude de Trump :<\/p>\n<\/p>\n<blockquote class=\"normal\" style=\"font-size:1.05em\">\n<p><p>&laquo; <em>Oui, enfin ce qui est incroyable avec Donald Trump, c&rsquo;est qu&rsquo;il a r\u00e9ussi \u00e0 imposer compl\u00e8tement l&rsquo;id\u00e9e qu&rsquo;il peut vivre dans son propre monde. Vous voyez, il pourrait tr\u00e8s bien d\u00e9clarer \u00ab\u00a0Demain, les Iraniens abandonnent, on a gagn\u00e9, donc le blocus est lev\u00e9\u00a0\u00bb. Et hop, il proclame le jour de la victoire et organise un d\u00e9fil\u00e9 \u00e0 Washington. Franchement, il pourrait le faire. Il pourrait le faire et tout le monde suivrait. Bon, pas les Iraniens.<\/em><\/p>\n<\/p>\n<p><p>&raquo; <em>&Eacute;videmment, tout le monde verrait bien que c&rsquo;est faux. Mais malgr\u00e9 tout, les gens joueraient le jeu et surtout le New York Times et d&rsquo;autres feraient ensuite des analyses tr\u00e8s s\u00e9rieuses pour v\u00e9rifier \u00e0 quel point ces affirmations sont vraies et tout le reste. C&rsquo;est un moment vraiment \u00e9trange en fait, mais au fond, on se dit que la strat\u00e9gie de l&rsquo;Iran, c&rsquo;est simplement l&rsquo;Iran n&rsquo;avait pas besoin de gagner la guerre. Il devait juste rester debout<\/em>. &raquo;<\/p>\n<\/p>\n<\/blockquote>\n<p><p>Nous partageons en bonne part cette sid\u00e9ration qui ne cesse de nous hanter et de nous faire passer du rire aux larmes et vice-versa ; peut-\u00eatre dirions-nous notre scepticisme sur cet &laquo; <em>&Eacute;videmment, tout le monde verrait bien que c&rsquo;est faux<\/em> &raquo;&#8230; Pas s&ucirc;r du tout, l&rsquo;on peut faire grande confiance et cr\u00e9dit complet \u00e0 nos dirigeants pour m\u00e2chonner ces assurances de l&rsquo;immonde Trump, qui nous permettent d&rsquo;encore plus l&rsquo;accuser d&rsquo;hypocrisie et de d\u00e9-solidarit\u00e9 vis-\u00e0-vis de ses fid\u00e8les valets de pied.<\/p>\n<\/p>\n<p><p>Mis en ligne le 25 mars 2026 \u00e0 17H15<\/p><\/p>\n","protected":false},"excerpt":{"rendered":"<p>&bull;&nbsp;La situation&nbsp;<strong>se durcit insensiblement autour du &ldquo;th&eacute;&acirc;tre du Nord&rdquo; (le front ukrainien<\/strong>&nbsp;de la GrandeCrise). &bull;&nbsp;Les Russes consid&egrave;rent qu&rsquo;il sont d&eacute;sormais&nbsp;<strong>en guerre ouverte contre l&rsquo;Occident<\/strong>&nbsp;sous la forme de l&rsquo;OTAN&bull;&nbsp;La Pologne sonne l&rsquo;alarme et des analyses russes observent que le point possible\/probable d&rsquo;un affrontement&nbsp;<strong>pourrait se situer dans l&rsquo;enclave de Kaliningrad<\/strong>, ce qui impliquerait que la Russe y enverrait de l&rsquo;aide par la Lituanie. &bull;&nbsp;Notre &eacute;poque est plong&eacute;e dans&nbsp;<strong>un m&eacute;lange de folies et de menaces fantasm&eacute;es<\/strong>.<\/p>\n","protected":false},"author":1,"featured_media":0,"comment_status":"","ping_status":"","sticky":false,"template":"","format":"standard","meta":{"neve_meta_sidebar":"","neve_meta_container":"","neve_meta_enable_content_width":"","neve_meta_content_width":0,"neve_meta_title_alignment":"","neve_meta_author_avatar":"","neve_post_elements_order":"","neve_meta_disable_header":"","neve_meta_disable_footer":"","neve_meta_disable_title":"","_jetpack_memberships_contains_paid_content":false,"footnotes":""},"categories":[2],"tags":[2866,4632,18540,2830,2828],"class_list":["post-82008","post","type-post","status-publish","format-standard","hentry","category-bloc-notes","tag-johnson","tag-kaliningrad","tag-latichev","tag-lavrov","tag-tusk"],"jetpack_featured_media_url":"","jetpack_sharing_enabled":true,"_links":{"self":[{"href":"https:\/\/new.dedefensa.org\/index.php\/wp-json\/wp\/v2\/posts\/82008","targetHints":{"allow":["GET"]}}],"collection":[{"href":"https:\/\/new.dedefensa.org\/index.php\/wp-json\/wp\/v2\/posts"}],"about":[{"href":"https:\/\/new.dedefensa.org\/index.php\/wp-json\/wp\/v2\/types\/post"}],"author":[{"embeddable":true,"href":"https:\/\/new.dedefensa.org\/index.php\/wp-json\/wp\/v2\/users\/1"}],"replies":[{"embeddable":true,"href":"https:\/\/new.dedefensa.org\/index.php\/wp-json\/wp\/v2\/comments?post=82008"}],"version-history":[{"count":0,"href":"https:\/\/new.dedefensa.org\/index.php\/wp-json\/wp\/v2\/posts\/82008\/revisions"}],"wp:attachment":[{"href":"https:\/\/new.dedefensa.org\/index.php\/wp-json\/wp\/v2\/media?parent=82008"}],"wp:term":[{"taxonomy":"category","embeddable":true,"href":"https:\/\/new.dedefensa.org\/index.php\/wp-json\/wp\/v2\/categories?post=82008"},{"taxonomy":"post_tag","embeddable":true,"href":"https:\/\/new.dedefensa.org\/index.php\/wp-json\/wp\/v2\/tags?post=82008"}],"curies":[{"name":"wp","href":"https:\/\/api.w.org\/{rel}","templated":true}]}}