{"id":82010,"date":"2026-04-28T00:00:00","date_gmt":"2026-04-27T22:00:00","guid":{"rendered":"https:\/\/new.dedefensa.org\/index.php\/2026\/04\/28\/la-diplomatie-ou-la-vengeance\/"},"modified":"2026-04-28T00:00:00","modified_gmt":"2026-04-27T22:00:00","slug":"la-diplomatie-ou-la-vengeance","status":"publish","type":"post","link":"https:\/\/new.dedefensa.org\/index.php\/2026\/04\/28\/la-diplomatie-ou-la-vengeance\/","title":{"rendered":"La diplomatie ou la vengeance\u00a0?"},"content":{"rendered":"<p><p><strong>La diplomatie ou la vengeance ?<\/strong><\/p>\n<\/p>\n<p><p>J&rsquo;ai r\u00e9cemment fait quelque chose que je n&rsquo;avais pas fait depuis des ann\u00e9es : j&rsquo;ai emmen\u00e9 ma famille en voyage. Nous avons pris le train \u00e0 Saint-P\u00e9tersbourg et, 34 heures plus tard, nous \u00e9tions \u00e0 Simferopol, en Crim\u00e9e. Un car de tourisme nous a ensuite conduits \u00e0 travers la cha&icirc;ne de montagnes c\u00f4ti\u00e8re jusqu&rsquo;\u00e0 Yalta, o&ugrave; nous avons pass\u00e9 une semaine enti\u00e8re \u00e0 faire de la randonn\u00e9e dans les montagnes et \u00e0 visiter les palais royaux voisins qui avaient surv\u00e9cu intacts \u00e0 la Seconde Guerre mondiale, avec tout leur mobilier et leurs am\u00e9nagements paysagers, car les Allemands envahisseurs avaient d&rsquo;abord voulu s&rsquo;en emparer pour eux-m\u00eames, puis n&rsquo;avaient pas eu le temps de les miner avant d&rsquo;\u00eatre chass\u00e9s par l&rsquo;Arm\u00e9e rouge.<\/p>\n<\/p>\n<p><p>C&rsquo;est dans l&rsquo;un de ces palais, \u00e0 Livadia, que s&rsquo;est tenue la conf\u00e9rence de Yalta d&rsquo;apr\u00e8s-guerre, r\u00e9unissant Staline, Roosevelt et Churchill. Lors de cette conf\u00e9rence, de nombreux d\u00e9tails concernant l&rsquo;Europe d&rsquo;apr\u00e8s-guerre ont \u00e9t\u00e9 r\u00e9gl\u00e9s et inscrits dans le droit international, permettant aux grandes puissances que sont les &Eacute;tats-Unis et l&rsquo;URSS de maintenir la paix pendant le reste du si\u00e8cle. (Dieu seul sait pourquoi ce vieil ivrogne de Churchill a m\u00eame \u00e9t\u00e9 invit\u00e9, puisque la Grande-Bretagne n&rsquo;\u00e9tait plus une puissance mondiale \u00e0 cette \u00e9poque.)<\/p>\n<\/p>\n<p><p>Il est difficile d&rsquo;imaginer qu&rsquo;une telle conf\u00e9rence, r\u00e9unissant les dirigeants am\u00e9ricains ou europ\u00e9ens d&rsquo;aujourd&rsquo;hui, puisse avoir lieu aujourd&rsquo;hui. Aucun d&rsquo;entre eux ne semble le moins du monde capable de diplomatie &mdash; certainement pas Trump, et certainement pas les nains politiques actuellement aux commandes dans toute l&rsquo;Europe. Trump s&rsquo;est r\u00e9cemment enrou\u00e9 \u00e0 force de hurler au t\u00e9l\u00e9phone contre les Iraniens. Ce n&rsquo;est pas le langage de la diplomatie, qui doit \u00eatre calme, r\u00e9fl\u00e9chi et respectueux. Et c&rsquo;est bien triste, car la diplomatie et le droit international sont les seuls m\u00e9canismes que l&rsquo;humanit\u00e9 a pu d\u00e9velopper pour \u00e9viter un carnage insens\u00e9 et sans fin.<\/p>\n<\/p>\n<p><p>Remontons dans le temps jusqu&rsquo;\u00e0 l&rsquo;origine de tout cela : \u00e0 l&rsquo;automne 1648, \u00e0 M\u00fcnster. Dans une salle sentant la cire et la moisissure, des documents furent sign\u00e9s. La guerre avait dur\u00e9 trente ans. Ceux qui \u00e9taient jeunes \u00e0 son d\u00e9but \u00e9taient alors vieux et grisonnants. Ceux qui avaient cru que Dieu \u00e9tait de leur c\u00f4t\u00e9 avaient vu Dieu dispara&icirc;tre dans la fum\u00e9e s&rsquo;\u00e9levant de leurs villes et villages en flammes.<\/p>\n<\/p>\n<p><p>L&rsquo;Allemagne avait perdu la moiti\u00e9 de sa population. Des loups erraient dans les rues des villes o&ugrave;, la veille encore, les cloches sonnaient depuis les clochers. Les soldats, incapables de se souvenir d&rsquo;une autre vie que celle de la guerre, ne savaient ni o&ugrave; aller ni quoi faire.<\/p>\n<\/p>\n<p><p>Le 19 Avril 2026, <a href=\"https:\/\/boosty.to\/cluborlov\/posts\/ab1bc661-3a6d-48b7-9f46-a5bd2e1dce6c\">Club Orlov<\/a> &ndash; Traduction du &lsquo;<em><a href=\"https:\/\/lesakerfrancophone.fr\/le-langage-de-la-diplomatie-ou-celui-de-la-vengeance\">Sakerfrancophone<\/a><\/em>&lsquo;<\/p>\n<\/p>\n<p><\/p>\n<p><em>Note du Saker Francophone<\/em><\/p>\n<\/p>\n<p><p><em>Depuis quelques temps, des gens ind\u00e9licats retraduisent \u00ab\u00a0mal\u00a0\u00bb en anglais nos propres traductions sans l&rsquo;autorisation de l&rsquo;auteur qui vit de ses publications. Dmitry Orlov nous faisait l&rsquo;amiti\u00e9 depuis toutes ses ann\u00e9es de nous laisser publier les traductions fran\u00e7aises de ses articles, m\u00eame ceux payant pour les anglophones. Dans ces nouvelles conditions, en accord avec l&rsquo;auteur, on vous propose la 1ere partie de l&rsquo;article ici. Vous pouvez lire la suite en fran\u00e7ais <a href=\"https:\/\/boosty.to\/cluborlov\/posts\/e0378854-1cbf-481f-907f-81d61cd90b3b\">derri\u00e8re ce lien<\/a> en vous abonnant au site <a href=\"https:\/\/boosty.to\/cluborlov\">Boosty<\/a> de Dmitry Orlov.<\/em><\/p><\/p>\n","protected":false},"excerpt":{"rendered":"<p>J&rsquo;ai r&eacute;cemment fait quelque chose que je n&rsquo;avais pas fait depuis des ann&eacute;es : j&rsquo;ai emmen&eacute; ma famille en voyage. Nous avons pris le train &agrave; Saint-P&eacute;tersbourg et, 34 heures plus tard, nous &eacute;tions &agrave; Simferopol, en Crim&eacute;e. Un car de tourisme nous a ensuite conduits &agrave; travers la cha&icirc;ne de montagnes c&ocirc;ti&egrave;re jusqu&rsquo;&agrave; Yalta, o&ugrave; nous avons pass&eacute; une semaine enti&egrave;re &agrave; faire de la randonn&eacute;e dans les montagnes et &agrave; visiter les palais royaux voisins qui avaient surv&eacute;cu intacts &agrave; la Seconde Guerre mondiale, avec tout leur mobilier et leurs am&eacute;nagements paysagers, car les Allemands envahisseurs avaient d&rsquo;abord voulu s&rsquo;en emparer pour eux-m&ecirc;mes, puis n&rsquo;avaient pas eu le temps de les miner avant d&rsquo;&ecirc;tre chass&eacute;s par l&rsquo;Arm&eacute;e rouge.<\/p>\n<p>C&rsquo;est dans l&rsquo;un de ces palais, &agrave; Livadia, que s&rsquo;est tenue la conf&eacute;rence de Yalta d&rsquo;apr&egrave;s-guerre, r&eacute;unissant Staline, Roosevelt et Churchill. Lors de cette conf&eacute;rence, de nombreux d&eacute;tails concernant l&rsquo;Europe d&rsquo;apr&egrave;s-guerre ont &eacute;t&eacute; r&eacute;gl&eacute;s et inscrits dans le droit international, permettant aux grandes puissances que sont les &Eacute;tats-Unis et l&rsquo;URSS de maintenir la paix pendant le reste du si&egrave;cle. (Dieu seul sait pourquoi ce vieil ivrogne de Churchill a m&ecirc;me &eacute;t&eacute; invit&eacute;, puisque la Grande-Bretagne n&rsquo;&eacute;tait plus une puissance mondiale &agrave; cette &eacute;poque.)<\/p>\n<p>(Suite)<\/p>\n","protected":false},"author":1,"featured_media":0,"comment_status":"","ping_status":"","sticky":false,"template":"","format":"standard","meta":{"neve_meta_sidebar":"","neve_meta_container":"","neve_meta_enable_content_width":"","neve_meta_content_width":0,"neve_meta_title_alignment":"","neve_meta_author_avatar":"","neve_post_elements_order":"","neve_meta_disable_header":"","neve_meta_disable_footer":"","neve_meta_disable_title":"","_jetpack_memberships_contains_paid_content":false,"footnotes":""},"categories":[29],"tags":[22529,2915,2631,2645,2668,12857,4560],"class_list":["post-82010","post","type-post","status-publish","format-standard","hentry","category-les-carnets-de-dimitri-orlov-1","tag-22529","tag-ans","tag-de","tag-guerre","tag-orlov","tag-trente","tag-yalta"],"jetpack_featured_media_url":"","jetpack_sharing_enabled":true,"_links":{"self":[{"href":"https:\/\/new.dedefensa.org\/index.php\/wp-json\/wp\/v2\/posts\/82010","targetHints":{"allow":["GET"]}}],"collection":[{"href":"https:\/\/new.dedefensa.org\/index.php\/wp-json\/wp\/v2\/posts"}],"about":[{"href":"https:\/\/new.dedefensa.org\/index.php\/wp-json\/wp\/v2\/types\/post"}],"author":[{"embeddable":true,"href":"https:\/\/new.dedefensa.org\/index.php\/wp-json\/wp\/v2\/users\/1"}],"replies":[{"embeddable":true,"href":"https:\/\/new.dedefensa.org\/index.php\/wp-json\/wp\/v2\/comments?post=82010"}],"version-history":[{"count":0,"href":"https:\/\/new.dedefensa.org\/index.php\/wp-json\/wp\/v2\/posts\/82010\/revisions"}],"wp:attachment":[{"href":"https:\/\/new.dedefensa.org\/index.php\/wp-json\/wp\/v2\/media?parent=82010"}],"wp:term":[{"taxonomy":"category","embeddable":true,"href":"https:\/\/new.dedefensa.org\/index.php\/wp-json\/wp\/v2\/categories?post=82010"},{"taxonomy":"post_tag","embeddable":true,"href":"https:\/\/new.dedefensa.org\/index.php\/wp-json\/wp\/v2\/tags?post=82010"}],"curies":[{"name":"wp","href":"https:\/\/api.w.org\/{rel}","templated":true}]}}